{"id":1455,"date":"2019-03-10T14:06:33","date_gmt":"2019-03-10T13:06:33","guid":{"rendered":"http:\/\/gilitadas.com\/blog\/?p=1455"},"modified":"2022-05-20T19:02:30","modified_gmt":"2022-05-20T18:02:30","slug":"nuevos-niveles-de-vuelo-en-espana","status":"publish","type":"post","link":"http:\/\/gilitadas.com\/blog\/nuevos-niveles-de-vuelo-en-espana\/","title":{"rendered":"Nuevos Niveles de Vuelo en Espa\u00f1a"},"content":{"rendered":"<div class=\"wpb-content-wrapper\"><p>[vc_row][vc_column width=\u00bb1\/2&#8243;][vc_column_text]Hace poco se han producido unos cambios de cierta importancia en las reglas de vuelo de nuestro pa\u00eds. AESA ha mandado comunicaci\u00f3n a las escuelas de vuelo y aeroclubs, pero me parece interesante dar informaci\u00f3n en las redes para que se difunda mejor. Agradecer\u00eda a los pilotos que me lean que se hagan eco de estas notas, va en nuestra seguridad.<\/p>\n<p>El <strong>SERA<\/strong> (Standarized European Rules of Air) es el reglamento del aire conjunto de la Uni\u00f3n Europea, aplicable a todos los pa\u00edses de la uni\u00f3n. Pero en su punto 5005, apartado \u00abg\u00bb, permite que cada estado introduzca diferencias si son necesarias. Y eso es lo que ha ocurrido en Espa\u00f1a, seg\u00fan Real Decreto 1180\/2018 de 10 de noviembre, por el que se desarrolla el Reglamento del aire y disposiciones operativas comunes para los servicios y procedimientos de navegaci\u00f3n a\u00e9rea&#8230;[\/vc_column_text][\/vc_column][vc_column width=\u00bb1\/2&#8243;][vc_single_image image=\u00bb1456&#8243; img_size=\u00bblarge\u00bb alignment=\u00bbcenter\u00bb css_animation=\u00bbfadeIn\u00bb][\/vc_column][\/vc_row][vc_row][vc_column]<div id=\"ultimate-heading-298269f5cce7742f5\" class=\"uvc-heading ult-adjust-bottom-margin ultimate-heading-298269f5cce7742f5 uvc-7876 \" data-hspacer=\"no_spacer\"  data-halign=\"left\" style=\"text-align:left\"><div class=\"uvc-heading-spacer no_spacer\" style=\"top\"><\/div><div class=\"uvc-main-heading ult-responsive\"  data-ultimate-target='.uvc-heading.ultimate-heading-298269f5cce7742f5 h5'  data-responsive-json-new='{\"font-size\":\"\",\"line-height\":\"\"}' ><h5 style=\"font-weight:normal;margin-bottom:15px;\">Qu\u00e9 es lo que ha cambiado?<\/h5><\/div><\/div>[vc_column_text]Pues algo importante, <strong>las tablas de niveles de crucero est\u00e1ndar<\/strong>, tanto para IFR como VFR. Ya sab\u00e9is que hasta ahora los niveles est\u00e1ndar eran pares volando hacia el oeste e impares volando hacia el este (par e impar +500 para tr\u00e1fico VFR). Ya no es as\u00ed, ahora los <strong>niveles pares son volando hacia el norte<\/strong> (desde derrota magn\u00e9tica 270\u00ba hasta 089\u00ba). Los <strong>niveles impares son volando hacia el sur<\/strong> (desde derrota magn\u00e9tica 090\u00ba hasta 269\u00ba).<\/p>\n<p>Vuelve a haber una peque\u00f1a regla nemot\u00e9cnica sencilla de recordar: \u00ab<em>volando hacia <strong>P<\/strong>ar\u00eds, niveles <strong>P<\/strong>ares<\/em>\u00ab.[\/vc_column_text][\/vc_column][\/vc_row][vc_row][vc_column]<div id=\"ultimate-heading-434269f5cce7746dd\" class=\"uvc-heading ult-adjust-bottom-margin ultimate-heading-434269f5cce7746dd uvc-3906 \" data-hspacer=\"no_spacer\"  data-halign=\"left\" style=\"text-align:left\"><div class=\"uvc-heading-spacer no_spacer\" style=\"top\"><\/div><div class=\"uvc-main-heading ult-responsive\"  data-ultimate-target='.uvc-heading.ultimate-heading-434269f5cce7746dd h5'  data-responsive-json-new='{\"font-size\":\"\",\"line-height\":\"\"}' ><h5 style=\"font-weight:normal;margin-bottom:15px;\">Por qu\u00e9 ha cambiado?<\/h5><\/div><\/div>[vc_column_text]La raz\u00f3n para modificar las altitudes dependiendo del sentido de vuelo es adaptarse a los flujos comunes de tr\u00e1fico en las aerov\u00edas espa\u00f1olas, al ser un punto intermedio entre Europa y Canarias (genera un tr\u00e1fico a\u00e9reo muy importante) y el resto del continente sudamericano, el tr\u00e1fico predominante es de subida y bajada (norte-sur).<\/p>\n<p>Adem\u00e1s, tanto Francia\u00b9 como Portugal y Marruecos tienen establecida tambi\u00e9n la separaci\u00f3n de niveles por sectores norte-sur, as\u00ed que parece l\u00f3gico que nos adaptemos al flujo principal.<\/p>\n<p style=\"padding-left: 40px;\">(1): \u00ab<em>Tiene separaci\u00f3n de niveles por sectores norte-sur \u00fanicamente por encima de FL195. Por debajo de FL195 para VFR e IFR siguen separando por sectores oeste-este.<\/em>\u00ab.\u00a0 Gracias Alan !<\/p>\n<p>[\/vc_column_text][\/vc_column][\/vc_row][vc_row][vc_column]<div id=\"ultimate-heading-643169f5cce774ac5\" class=\"uvc-heading ult-adjust-bottom-margin ultimate-heading-643169f5cce774ac5 uvc-1758 \" data-hspacer=\"no_spacer\"  data-halign=\"left\" style=\"text-align:left\"><div class=\"uvc-heading-spacer no_spacer\" style=\"top\"><\/div><div class=\"uvc-main-heading ult-responsive\"  data-ultimate-target='.uvc-heading.ultimate-heading-643169f5cce774ac5 h5'  data-responsive-json-new='{\"font-size\":\"\",\"line-height\":\"\"}' ><h5 style=\"font-weight:normal;margin-bottom:15px;\">Desde cu\u00e1ndo surte efecto?<\/h5><\/div><\/div>[vc_column_text]Pues ya est\u00e1 en vigor. El Real Decreto es de fecha 10 de noviembre de 2018. En el AIP apareci\u00f3 como enmienda el 17 de enero de 2019 (AMDT AIRAC 01\/19) y finalmente ha sido publicado y por tanto plenamente vigente con fecha <strong>28 de febrero de 2019<\/strong> (ENR 1.7-3).<\/p>\n<p>A continuaci\u00f3n os dejo la tabla de niveles completa, tanto para tr\u00e1fico IFR como VFR.[\/vc_column_text][\/vc_column][\/vc_row][vc_row][vc_column][vc_single_image image=\u00bb1466&#8243; img_size=\u00bbfull\u00bb alignment=\u00bbcenter\u00bb][\/vc_column][\/vc_row]<\/p>\n<\/div>","protected":false},"excerpt":{"rendered":"<p>[vc_row][vc_column width=\u00bb1\/2&#8243;][vc_column_text]Hace poco se han producido unos cambios de cierta importancia en las reglas de vuelo de nuestro pa\u00eds. AESA ha mandado comunicaci\u00f3n a las escuelas de vuelo y aeroclubs, pero me parece interesante dar informaci\u00f3n en las redes para que se difunda mejor. Agradecer\u00eda a los pilotos que me lean que se hagan eco [&hellip;]<\/p>\n","protected":false},"author":1,"featured_media":1456,"comment_status":"open","ping_status":"open","sticky":false,"template":"","format":"standard","meta":{"_exactmetrics_skip_tracking":false,"_exactmetrics_sitenote_active":false,"_exactmetrics_sitenote_note":"","_exactmetrics_sitenote_category":0,"footnotes":""},"categories":[15],"tags":[40,18,42,61],"class_list":["post-1455","post","type-post","status-publish","format-standard","has-post-thumbnail","hentry","category-aviacion","tag-aip","tag-aviacion","tag-enaire","tag-niveles-de-vuelo"],"_links":{"self":[{"href":"http:\/\/gilitadas.com\/blog\/wp-json\/wp\/v2\/posts\/1455"}],"collection":[{"href":"http:\/\/gilitadas.com\/blog\/wp-json\/wp\/v2\/posts"}],"about":[{"href":"http:\/\/gilitadas.com\/blog\/wp-json\/wp\/v2\/types\/post"}],"author":[{"embeddable":true,"href":"http:\/\/gilitadas.com\/blog\/wp-json\/wp\/v2\/users\/1"}],"replies":[{"embeddable":true,"href":"http:\/\/gilitadas.com\/blog\/wp-json\/wp\/v2\/comments?post=1455"}],"version-history":[{"count":11,"href":"http:\/\/gilitadas.com\/blog\/wp-json\/wp\/v2\/posts\/1455\/revisions"}],"predecessor-version":[{"id":1939,"href":"http:\/\/gilitadas.com\/blog\/wp-json\/wp\/v2\/posts\/1455\/revisions\/1939"}],"wp:featuredmedia":[{"embeddable":true,"href":"http:\/\/gilitadas.com\/blog\/wp-json\/wp\/v2\/media\/1456"}],"wp:attachment":[{"href":"http:\/\/gilitadas.com\/blog\/wp-json\/wp\/v2\/media?parent=1455"}],"wp:term":[{"taxonomy":"category","embeddable":true,"href":"http:\/\/gilitadas.com\/blog\/wp-json\/wp\/v2\/categories?post=1455"},{"taxonomy":"post_tag","embeddable":true,"href":"http:\/\/gilitadas.com\/blog\/wp-json\/wp\/v2\/tags?post=1455"}],"curies":[{"name":"wp","href":"https:\/\/api.w.org\/{rel}","templated":true}]}}